{"id":6558,"global_id":"www.thomas-hengelbrock.com\/en\/?id=6558","global_id_lineage":["www.thomas-hengelbrock.com\/en\/?id=6558"],"author":"3","status":"publish","date":"2024-12-03 11:42:58","date_utc":"2024-12-03 10:42:58","modified":"2024-12-03 11:42:58","modified_utc":"2024-12-03 10:42:58","url":"https:\/\/www.thomas-hengelbrock.com\/en\/konzert\/beethoven-missa-solemnis-8\/","rest_url":"https:\/\/www.thomas-hengelbrock.com\/en\/wp-json\/tribe\/events\/v1\/events\/6558","title":"BEETHOVEN: MISSA SOLEMNIS","description":"<p><strong>LUDWIG VAN BEETHOVEN<\/strong><br \/>\nMISSA SOLEMNIS<\/p>\n<p>Regula M\u00fchlemann,<em> soprano<\/em><br \/>\nEva Za\u00efcik, <em>alto<\/em><br \/>\nJulian Pr\u00e9gardien, <em>tenor<\/em><br \/>\nGabriel Rollinson, <em>bass<\/em><br \/>\nBalthasar Neumann Choir<br \/>\nBalthasar Neumann Orchestra<br \/>\nThomas Hengelbrock<\/p>","excerpt":"","slug":"beethoven-missa-solemnis-8","image":false,"all_day":false,"start_date":"2025-03-08 19:00:00","start_date_details":{"year":"2025","month":"03","day":"08","hour":"19","minutes":"00","seconds":"00"},"end_date":"2025-03-08 21:00:00","end_date_details":{"year":"2025","month":"03","day":"08","hour":"21","minutes":"00","seconds":"00"},"utc_start_date":"2025-03-08 18:00:00","utc_start_date_details":{"year":"2025","month":"03","day":"08","hour":"18","minutes":"00","seconds":"00"},"utc_end_date":"2025-03-08 20:00:00","utc_end_date_details":{"year":"2025","month":"03","day":"08","hour":"20","minutes":"00","seconds":"00"},"timezone":"Europe\/Berlin","timezone_abbr":"CET","cost":"","cost_details":{"currency_symbol":"\u20ac","currency_code":"","currency_position":"prefix","values":[]},"website":"https:\/\/www.thomas-hengelbrock.com\/en\/konzert\/beethoven-missa-solemnis-8\/","show_map":false,"show_map_link":true,"hide_from_listings":false,"sticky":false,"featured":false,"categories":[],"tags":[],"venue":{"id":5635,"author":"3","status":"publish","date":"2017-09-12 12:16:11","date_utc":"2017-09-12 10:16:11","modified":"2017-09-12 12:16:11","modified_utc":"2017-09-12 10:16:11","url":"https:\/\/www.thomas-hengelbrock.com\/en\/venue\/auditorio-nacional-de-musica-madrid\/","venue":"Auditorio Nacional de M\u00fasica Madrid","slug":"auditorio-nacional-de-musica-madrid","country":"Spanien","json_ld":{"@type":"Place","name":"Auditorio Nacional de M\u00fasica Madrid","description":"","url":"","address":{"@type":"PostalAddress","addressCountry":"Spanien"},"telephone":"","sameAs":""},"show_map":false,"show_map_link":true,"global_id":"www.thomas-hengelbrock.com\/en\/?id=5635","global_id_lineage":["www.thomas-hengelbrock.com\/en\/?id=5635"]},"organizer":[],"custom_fields":[],"json_ld":{"@context":"http:\/\/schema.org","@type":"Event","name":"BEETHOVEN: MISSA SOLEMNIS","description":"&lt;p&gt;LUDWIG VAN BEETHOVEN MISSA SOLEMNIS Regula M\u00fchlemann, soprano Eva Za\u00efcik, alto Julian Pr\u00e9gardien, tenor Gabriel Rollinson, bass Balthasar Neumann Choir Balthasar Neumann Orchestra Thomas Hengelbrock&lt;\/p&gt;\\n","url":"https:\/\/www.thomas-hengelbrock.com\/en\/konzert\/beethoven-missa-solemnis-8\/","eventAttendanceMode":"https:\/\/schema.org\/OfflineEventAttendanceMode","eventStatus":"https:\/\/schema.org\/EventScheduled","startDate":"2025-03-08T19:00:00+01:00","endDate":"2025-03-08T21:00:00+01:00","location":{"@type":"Place","name":"Auditorio Nacional de M\u00fasica Madrid","description":"","url":"","address":{"@type":"PostalAddress","addressCountry":"Spanien"},"telephone":"","sameAs":""},"performer":"Organization"}}